{"id":4678,"date":"2025-05-22T03:49:55","date_gmt":"2025-05-22T03:49:55","guid":{"rendered":"https:\/\/ranchofatima.com\/?p=4678"},"modified":"2025-05-23T15:06:42","modified_gmt":"2025-05-23T15:06:42","slug":"don-feres-ya-esta-listo-para-el-gp-25-de-mayo-g1","status":"publish","type":"post","link":"https:\/\/ranchofatima.com\/index.php\/2025\/05\/22\/don-feres-ya-esta-listo-para-el-gp-25-de-mayo-g1\/","title":{"rendered":"Don Feres ya est\u00e1 listo para el GP 25 de Mayo (G1)"},"content":{"rendered":"\n<p>Buenos Aires, Argentina. El campe\u00f3n Don Feres (Singer The Turf) partir\u00e1 de caj\u00f3n 7 este domingo en el GPI 25 de Mayo (G1-2.400mC), que tendr\u00e1 lugar en el Hip\u00f3dromo de San Isidro. Este mi\u00e9rcoles, el tordillo egresado del Haras Rancho F\u00e1tima, realiz\u00f3 su vareo acostumbrado de unos 3.000 metros de galope, aproximadamente, regresando luego a su box sin ning\u00fan tipo de problemas.<\/p>\n\n\n\n<p>El defensor del Stud Jet Set acus\u00f3 542 kilos de peso f\u00edsico este lunes, el mismo de su \u00faltima competencia. Aunque se est\u00e1 descartando la presencia de lluvias para el fin de semana en esta ciudad, el fr\u00edo llega a bajar hasta los 4 grados cent\u00edgrados en la capital argentina. Eso, sin embargo, no parece afectar al inmenso campe\u00f3n, que ya se ha aclimatado a su nueva realidad.<\/p>\n\n\n\n<p>C\u00e9sar Bocanegra es el encargado de galopar todas las ma\u00f1ana al pupilo de Juan Su\u00e1rez, que llevar\u00e1 la conducci\u00f3n de Mart\u00edn Javier Valle en la justa dominical. El jockey local ha sido ganador de tres de las \u00faltimas cuatro ediciones del GPI Carlos Pellegrini (G1-2.400mC), incluyendo la del 2024, donde Don Feres qued\u00f3 en tercera posici\u00f3n.<\/p>\n\n\n\n<p>Conocido el sorteo de partidores, medios locales como la Revista Palermo y Turf Diario sindicaron al tordillo como sus pronosticado, bas\u00e1ndose no solo en su tercer puesto en el Pellegrini, sino tambi\u00e9n en su plac\u00e9 en el GPI Latinoamericano (G1-2.000mC) del 2023, donde lleg\u00f3 segundo.<\/p>\n\n\n\n<p>Hijo de Singe The Turf y Fabella (por Farall\u00f3n P), Don Feres tiene como cuarta madre a la matrona Delaware Crossing (EE.UU., T.V. Lark), una de las fundadoras del Santa Cruz Ranch (la sucursal del Haras Rancho F\u00e1tima) en Estados Unidos y mam\u00e1 de Festival\u00eda (EE.UU., Forever Sparkle), ganadora en Monterrico del Cl\u00e1sico Internacional Pamplona (G1-2.000mC) de 1990.<\/p>\n\n\n\n<p><\/p>\n\n\n\n<p><\/p>\n\n\n\n<p>Foto:: N\u00e9stor Obreg\u00f3n Rossi<\/p>\n\n\n\n<p><\/p>\n\n\n\n<p><\/p>\n\n\n\n<p><\/p>\n\n\n\n<p><\/p>\n\n\n\n<p><\/p>\n\n\n\n<p><\/p>\n\n\n\n<p><\/p>\n\n\n\n<p><\/p>\n\n\n\n<p><\/p>\n\n\n\n<p><\/p>\n\n\n\n<p><\/p>\n\n\n\n<p><\/p>\n\n\n\n<p><\/p>\n\n\n\n<p><\/p>\n\n\n\n<p><\/p>\n\n\n\n<p><\/p>\n\n\n\n<p><\/p>\n\n\n\n<p><\/p>\n\n\n\n<p><\/p>\n\n\n\n<p><\/p>\n\n\n\n<p><\/p>\n\n\n\n<p><\/p>\n\n\n\n<p><\/p>\n\n\n\n<p><\/p>\n\n\n\n<p><\/p>\n\n\n\n<p><\/p>\n\n\n\n<p><\/p>\n\n\n\n<p><\/p>\n\n\n\n<p><\/p>\n\n\n\n<p><\/p>\n\n\n\n<p><\/p>\n\n\n\n<p><\/p>\n\n\n\n<p><\/p>\n\n\n\n<p><\/p>\n\n\n\n<p><\/p>\n\n\n\n<p><\/p>\n\n\n\n<p><\/p>\n\n\n\n<p><\/p>\n\n\n\n<p><\/p>\n\n\n\n<p><\/p>\n\n\n\n<p><\/p>\n\n\n\n<p><\/p>\n\n\n\n<p><\/p>\n\n\n\n<p><\/p>\n\n\n\n<p>.<\/p>\n\n\n\n<p><\/p>\n\n\n\n<p><\/p>\n\n\n\n<p><\/p>\n\n\n\n<p><\/p>\n\n\n\n<p><\/p>\n\n\n\n<p><\/p>\n\n\n\n<p><\/p>\n\n\n\n<p><\/p>\n\n\n\n<p><\/p>\n\n\n\n<p><\/p>\n\n\n\n<p><\/p>\n\n\n\n<p><\/p>\n\n\n\n<p><\/p>\n\n\n\n<p><\/p>\n\n\n\n<p><\/p>\n\n\n\n<p><\/p>\n\n\n\n<p><\/p>\n\n\n\n<p><\/p>\n\n\n\n<p><\/p>\n\n\n\n<p><\/p>\n\n\n\n<p><\/p>\n\n\n<p><span style=\"font-size: revert;\">\u00a0<\/span><\/p>\n\n\n<div class=\"wp-block-buttons is-layout-flex wp-block-buttons-is-layout-flex\">\n<div class=\"wp-block-button\"><a class=\"wp-block-button__link has-white-color has-vivid-red-background-color has-text-color has-background wp-element-button\" href=\"http:\/\/harasranchofatima.com\/\">Regresar al Home<\/a><\/div>\n<\/div>\n","protected":false},"excerpt":{"rendered":"<p>Buenos Aires, Argentina. El campe\u00f3n Don Feres (Singer The Turf) partir\u00e1 de caj\u00f3n 7 este domingo en el GPI 25 de Mayo (G1-2.400mC), que tendr\u00e1 lugar en el Hip\u00f3dromo de San Isidro. Este mi\u00e9rcoles, el tordillo egresado del Haras Rancho F\u00e1tima, realiz\u00f3 su vareo acostumbrado de unos 3.000 metros de galope, aproximadamente, regresando luego a [&hellip;]<\/p>\n","protected":false},"author":1,"featured_media":4679,"comment_status":"open","ping_status":"open","sticky":false,"template":"","format":"standard","meta":{"_monsterinsights_skip_tracking":false,"_monsterinsights_sitenote_active":false,"_monsterinsights_sitenote_note":"","_monsterinsights_sitenote_category":0,"footnotes":""},"categories":[26],"tags":[25],"class_list":["post-4678","post","type-post","status-publish","format-standard","has-post-thumbnail","hentry","category-noticias","tag-post-format"],"aioseo_notices":[],"_links":{"self":[{"href":"https:\/\/ranchofatima.com\/index.php\/wp-json\/wp\/v2\/posts\/4678","targetHints":{"allow":["GET"]}}],"collection":[{"href":"https:\/\/ranchofatima.com\/index.php\/wp-json\/wp\/v2\/posts"}],"about":[{"href":"https:\/\/ranchofatima.com\/index.php\/wp-json\/wp\/v2\/types\/post"}],"author":[{"embeddable":true,"href":"https:\/\/ranchofatima.com\/index.php\/wp-json\/wp\/v2\/users\/1"}],"replies":[{"embeddable":true,"href":"https:\/\/ranchofatima.com\/index.php\/wp-json\/wp\/v2\/comments?post=4678"}],"version-history":[{"count":2,"href":"https:\/\/ranchofatima.com\/index.php\/wp-json\/wp\/v2\/posts\/4678\/revisions"}],"predecessor-version":[{"id":4681,"href":"https:\/\/ranchofatima.com\/index.php\/wp-json\/wp\/v2\/posts\/4678\/revisions\/4681"}],"wp:featuredmedia":[{"embeddable":true,"href":"https:\/\/ranchofatima.com\/index.php\/wp-json\/wp\/v2\/media\/4679"}],"wp:attachment":[{"href":"https:\/\/ranchofatima.com\/index.php\/wp-json\/wp\/v2\/media?parent=4678"}],"wp:term":[{"taxonomy":"category","embeddable":true,"href":"https:\/\/ranchofatima.com\/index.php\/wp-json\/wp\/v2\/categories?post=4678"},{"taxonomy":"post_tag","embeddable":true,"href":"https:\/\/ranchofatima.com\/index.php\/wp-json\/wp\/v2\/tags?post=4678"}],"curies":[{"name":"wp","href":"https:\/\/api.w.org\/{rel}","templated":true}]}}