{"id":4310,"date":"2024-11-26T15:10:15","date_gmt":"2024-11-26T15:10:15","guid":{"rendered":"https:\/\/ranchofatima.com\/?p=4310"},"modified":"2024-11-26T15:12:10","modified_gmt":"2024-11-26T15:12:10","slug":"don-feres-disputara-el-gran-premio-carlos-pellegrini","status":"publish","type":"post","link":"https:\/\/ranchofatima.com\/index.php\/2024\/11\/26\/don-feres-disputara-el-gran-premio-carlos-pellegrini\/","title":{"rendered":"Don Feres disputar\u00e1 el Gran Premio Carlos Pellegrini"},"content":{"rendered":"\n<p>El entusiasmo del Jet Set desborda cualquier obst\u00e1culo. A pesar de los altos costos de transporte versus las expectativas de premios, han decidido afrontar los gastos en busca de&nbsp;<strong>una oportunidad para que la h\u00edpica peruana sea contendiente en las carreras m\u00e1s importantes<\/strong>de la as\u00ed como este 14 de diciembre, una delegaci\u00f3n de Monterrico vestir\u00e1 los colores amarillos y negros en la cita del&nbsp;<strong>Carlos Pellegrini (G1)<\/strong>&nbsp;y las restantes pruebas que conforman el meeting m\u00e1s prestigioso de Buenos Aires en el Hip\u00f3dromo de San Isidro.<\/p>\n\n\n\n<p>\u201d<strong>Hemos conseguido vuelo para el 9 de diciembre. Los caballos viajar\u00e1n<\/strong>\u201d, asegur\u00f3 Omar Mahchi, aunque a\u00fan no est\u00e1 claro si estar\u00e1n dos o tres caballos de su caballeriza. \u201cA\u00fan se est\u00e1 definiendo los temas de log\u00edstica, pero estaremos all\u00e1\u201d, dijo en torno&nbsp;<strong>Don Feres(Singe The Turf) que ver\u00eda acci\u00f3n en el Gran Premio Carlos Pellegrini,<\/strong>&nbsp;mientras Forty Angela(Forty) estar\u00eda en la gatera por la Copa de Plata y Eliitas en la milla del Anchorena, todos los compromisos sobre el pasto.<\/p>\n\n\n\n<p>Los ejemplares se mantienen en cuarentena y se prev\u00e9 que sean ejercitados en las pr\u00f3ximas horas. \u201cEs lo que queremos, tener participaci\u00f3n, enfrent\u00e1ndonos a los mejores ejemplares\u201d, concluy\u00f3. En esfuerzo que debe ser valorado al margen de cualquier resultado.<\/p>\n\n\n\n<p>Don Feres es un hijo de Singe The Turf y Fabella, por Farallon P.,ganador de nueve carreras, todas cl\u00e1sicas, en doce salidas, egresado del Rancho Fatima.<\/p>\n\n\n\n<p>Foto: Fue segundo en el \u00faltimo Latino (G1) disputado en Buenos Aires. Foto: Julio Villanueva <\/p>\n\n\n\n<p><\/p>\n\n\n\n<p><\/p>\n\n\n\n<p><\/p>\n\n\n\n<p><\/p>\n\n\n\n<p><\/p>\n\n\n\n<p><\/p>\n\n\n\n<p><\/p>\n\n\n\n<p><\/p>\n\n\n\n<p><\/p>\n\n\n\n<p><\/p>\n\n\n\n<p><\/p>\n\n\n\n<p><\/p>\n\n\n\n<p><\/p>\n\n\n\n<p><\/p>\n\n\n\n<p><\/p>\n\n\n\n<p><\/p>\n\n\n\n<p><\/p>\n\n\n\n<p><\/p>\n\n\n\n<p><\/p>\n\n\n\n<p><\/p>\n\n\n\n<p><\/p>\n\n\n\n<p><\/p>\n\n\n\n<p><\/p>\n\n\n\n<p><\/p>\n\n\n\n<p><\/p>\n\n\n\n<p><\/p>\n\n\n\n<p><\/p>\n\n\n\n<p><\/p>\n\n\n\n<p><\/p>\n\n\n\n<p><\/p>\n\n\n\n<p><\/p>\n\n\n\n<p><\/p>\n\n\n\n<p><\/p>\n\n\n\n<p><\/p>\n\n\n\n<p><\/p>\n\n\n\n<p><\/p>\n\n\n\n<p><\/p>\n\n\n\n<p><\/p>\n\n\n\n<p><\/p>\n\n\n\n<p><\/p>\n\n\n\n<p>.<\/p>\n\n\n\n<p><\/p>\n\n\n\n<p><\/p>\n\n\n\n<p><\/p>\n\n\n\n<p><\/p>\n\n\n\n<p><\/p>\n\n\n\n<p><\/p>\n\n\n\n<p><\/p>\n\n\n\n<p><\/p>\n\n\n\n<p><\/p>\n\n\n\n<p><\/p>\n\n\n\n<p><\/p>\n\n\n\n<p><\/p>\n\n\n\n<p><\/p>\n\n\n\n<p><\/p>\n\n\n\n<p><\/p>\n\n\n\n<p><\/p>\n\n\n\n<p><\/p>\n\n\n\n<p><\/p>\n\n\n\n<p><\/p>\n\n\n\n<p><\/p>\n\n\n\n<p><\/p>\n\n\n<p><span style=\"font-size: revert;\">\u00a0<\/span><\/p>\n\n\n<div class=\"wp-block-buttons is-layout-flex wp-block-buttons-is-layout-flex\">\n<div class=\"wp-block-button\"><a class=\"wp-block-button__link has-white-color has-vivid-red-background-color has-text-color has-background wp-element-button\" href=\"http:\/\/harasranchofatima.com\/\">Regresar al Home<\/a><\/div>\n<\/div>\n","protected":false},"excerpt":{"rendered":"<p>El entusiasmo del Jet Set desborda cualquier obst\u00e1culo. A pesar de los altos costos de transporte versus las expectativas de premios, han decidido afrontar los gastos en busca de&nbsp;una oportunidad para que la h\u00edpica peruana sea contendiente en las carreras m\u00e1s importantesde la as\u00ed como este 14 de diciembre, una delegaci\u00f3n de Monterrico vestir\u00e1 los [&hellip;]<\/p>\n","protected":false},"author":16,"featured_media":4312,"comment_status":"open","ping_status":"open","sticky":false,"template":"","format":"standard","meta":{"_monsterinsights_skip_tracking":false,"_monsterinsights_sitenote_active":false,"_monsterinsights_sitenote_note":"","_monsterinsights_sitenote_category":0,"footnotes":""},"categories":[26],"tags":[25],"class_list":["post-4310","post","type-post","status-publish","format-standard","has-post-thumbnail","hentry","category-noticias","tag-post-format"],"aioseo_notices":[],"_links":{"self":[{"href":"https:\/\/ranchofatima.com\/index.php\/wp-json\/wp\/v2\/posts\/4310","targetHints":{"allow":["GET"]}}],"collection":[{"href":"https:\/\/ranchofatima.com\/index.php\/wp-json\/wp\/v2\/posts"}],"about":[{"href":"https:\/\/ranchofatima.com\/index.php\/wp-json\/wp\/v2\/types\/post"}],"author":[{"embeddable":true,"href":"https:\/\/ranchofatima.com\/index.php\/wp-json\/wp\/v2\/users\/16"}],"replies":[{"embeddable":true,"href":"https:\/\/ranchofatima.com\/index.php\/wp-json\/wp\/v2\/comments?post=4310"}],"version-history":[{"count":1,"href":"https:\/\/ranchofatima.com\/index.php\/wp-json\/wp\/v2\/posts\/4310\/revisions"}],"predecessor-version":[{"id":4311,"href":"https:\/\/ranchofatima.com\/index.php\/wp-json\/wp\/v2\/posts\/4310\/revisions\/4311"}],"wp:featuredmedia":[{"embeddable":true,"href":"https:\/\/ranchofatima.com\/index.php\/wp-json\/wp\/v2\/media\/4312"}],"wp:attachment":[{"href":"https:\/\/ranchofatima.com\/index.php\/wp-json\/wp\/v2\/media?parent=4310"}],"wp:term":[{"taxonomy":"category","embeddable":true,"href":"https:\/\/ranchofatima.com\/index.php\/wp-json\/wp\/v2\/categories?post=4310"},{"taxonomy":"post_tag","embeddable":true,"href":"https:\/\/ranchofatima.com\/index.php\/wp-json\/wp\/v2\/tags?post=4310"}],"curies":[{"name":"wp","href":"https:\/\/api.w.org\/{rel}","templated":true}]}}