{"id":3673,"date":"2024-03-21T11:39:36","date_gmt":"2024-03-21T11:39:36","guid":{"rendered":"https:\/\/ranchofatima.com\/?p=3673"},"modified":"2024-03-21T12:41:28","modified_gmt":"2024-03-21T12:41:28","slug":"haras-rancho-fatima-dice-presente-en-el-latino-con-von-braun","status":"publish","type":"post","link":"https:\/\/ranchofatima.com\/index.php\/2024\/03\/21\/haras-rancho-fatima-dice-presente-en-el-latino-con-von-braun\/","title":{"rendered":"Haras Rancho F\u00e1tima dice \u2018presente\u2019 en el Latino con Von Braun"},"content":{"rendered":"\n<p>Bastante avanzados los preparativos de cara al <strong>Gran Premio Latinoamericano (2000 metros, arena, G1, 300 mil d\u00f3lares<\/strong>) que &#8211; este 14 de abril- se disputar\u00e1 en Monterrico, Per\u00fa. La esperada gran carrera suramericana, con representaci\u00f3n de Argentina, Chile, Uruguay, Brasil, tendr\u00e1 local\u00eda en pista peruana con hasta siete representantes nacionales.<\/p>\n\n\n\n<p>Este egresado del Haras Rancho F\u00e1tima, del Stud  Santa Marina, es ganador de dos en siete intentos, incluyendo el Cl\u00e1sico Rumbo Al Latino. Entrenado por Juan Suarez Villarroel y con la monta de Huber Bocanegra, buscar\u00e1 un nuevo triunfo peruano al igual que Don\u2019t Lose Time, Paradigma, Cofrade, Gluck, Manyuz y Dvorak.<\/p>\n\n\n\n<p><\/p>\n\n\n\n<p><\/p>\n\n\n<p><span style=\"font-size: revert;\">\u00a0<\/span><\/p>\n\n\n<div class=\"wp-block-buttons is-layout-flex wp-block-buttons-is-layout-flex\">\n<div class=\"wp-block-button\"><a class=\"wp-block-button__link has-white-color has-vivid-red-background-color has-text-color has-background wp-element-button\" href=\"http:\/\/harasranchofatima.com\/\">Regresar al Home<\/a><\/div>\n<\/div>\n","protected":false},"excerpt":{"rendered":"<p>Bastante avanzados los preparativos de cara al Gran Premio Latinoamericano (2000 metros, arena, G1, 300 mil d\u00f3lares) que &#8211; este 14 de abril- se disputar\u00e1 en Monterrico, Per\u00fa. La esperada gran carrera suramericana, con representaci\u00f3n de Argentina, Chile, Uruguay, Brasil, tendr\u00e1 local\u00eda en pista peruana con hasta siete representantes nacionales. Este egresado del Haras Rancho [&hellip;]<\/p>\n","protected":false},"author":16,"featured_media":3670,"comment_status":"open","ping_status":"open","sticky":true,"template":"","format":"standard","meta":{"_monsterinsights_skip_tracking":false,"_monsterinsights_sitenote_active":false,"_monsterinsights_sitenote_note":"","_monsterinsights_sitenote_category":0,"footnotes":""},"categories":[26],"tags":[25],"class_list":["post-3673","post","type-post","status-publish","format-standard","has-post-thumbnail","hentry","category-noticias","tag-post-format"],"aioseo_notices":[],"_links":{"self":[{"href":"https:\/\/ranchofatima.com\/index.php\/wp-json\/wp\/v2\/posts\/3673","targetHints":{"allow":["GET"]}}],"collection":[{"href":"https:\/\/ranchofatima.com\/index.php\/wp-json\/wp\/v2\/posts"}],"about":[{"href":"https:\/\/ranchofatima.com\/index.php\/wp-json\/wp\/v2\/types\/post"}],"author":[{"embeddable":true,"href":"https:\/\/ranchofatima.com\/index.php\/wp-json\/wp\/v2\/users\/16"}],"replies":[{"embeddable":true,"href":"https:\/\/ranchofatima.com\/index.php\/wp-json\/wp\/v2\/comments?post=3673"}],"version-history":[{"count":4,"href":"https:\/\/ranchofatima.com\/index.php\/wp-json\/wp\/v2\/posts\/3673\/revisions"}],"predecessor-version":[{"id":3677,"href":"https:\/\/ranchofatima.com\/index.php\/wp-json\/wp\/v2\/posts\/3673\/revisions\/3677"}],"wp:featuredmedia":[{"embeddable":true,"href":"https:\/\/ranchofatima.com\/index.php\/wp-json\/wp\/v2\/media\/3670"}],"wp:attachment":[{"href":"https:\/\/ranchofatima.com\/index.php\/wp-json\/wp\/v2\/media?parent=3673"}],"wp:term":[{"taxonomy":"category","embeddable":true,"href":"https:\/\/ranchofatima.com\/index.php\/wp-json\/wp\/v2\/categories?post=3673"},{"taxonomy":"post_tag","embeddable":true,"href":"https:\/\/ranchofatima.com\/index.php\/wp-json\/wp\/v2\/tags?post=3673"}],"curies":[{"name":"wp","href":"https:\/\/api.w.org\/{rel}","templated":true}]}}